{"id":97,"date":"2024-01-18T13:15:26","date_gmt":"2024-01-18T12:15:26","guid":{"rendered":"https:\/\/keine-scharia-in-dresden.de\/?p=97"},"modified":"2024-07-18T11:43:52","modified_gmt":"2024-07-18T10:43:52","slug":"erklaerung","status":"publish","type":"post","link":"https:\/\/pressefreiheit-verteidigen.de\/index.php\/erklaerung\/","title":{"rendered":"Pressefreiheit verteidigen! Compact-Verbot sofort aufheben!"},"content":{"rendered":"<p><div class=\"fusion-fullwidth fullwidth-box fusion-builder-row-1 fusion-flex-container has-pattern-background has-mask-background nonhundred-percent-fullwidth non-hundred-percent-height-scrolling\" style=\"--awb-border-radius-top-left:0px;--awb-border-radius-top-right:0px;--awb-border-radius-bottom-right:0px;--awb-border-radius-bottom-left:0px;--awb-flex-wrap:wrap;\" ><div class=\"fusion-builder-row fusion-row fusion-flex-align-items-center fusion-flex-justify-content-center fusion-flex-content-wrap\" style=\"max-width:1248px;margin-left: calc(-4% \/ 2 );margin-right: calc(-4% \/ 2 );\"><div class=\"fusion-layout-column fusion_builder_column fusion-builder-column-0 fusion_builder_column_1_1 1_1 fusion-flex-column\" style=\"--awb-bg-size:cover;--awb-width-large:100%;--awb-margin-top-large:0px;--awb-spacing-right-large:1.92%;--awb-margin-bottom-large:20px;--awb-spacing-left-large:1.92%;--awb-width-medium:100%;--awb-order-medium:0;--awb-spacing-right-medium:1.92%;--awb-spacing-left-medium:1.92%;--awb-width-small:100%;--awb-order-small:0;--awb-spacing-right-small:1.92%;--awb-spacing-left-small:1.92%;\"><div class=\"fusion-column-wrapper fusion-column-has-shadow fusion-flex-justify-content-flex-start fusion-content-layout-column\"><div class=\"fusion-text fusion-text-1\"><h3 style=\"text-align: left;\">Nach dem willk\u00fcrlichen Verbot des COMPACT-Magazins fordern wir:<\/h3>\n<h3 style=\"text-align: center;\"><span class=\"ng-binding ng-isolate-scope\">1.) <\/span><\/h3>\n<p style=\"text-align: center;\"><span class=\"ng-binding ng-isolate-scope\">Das Verbot des COMPACT-Magazins ist ein beispielloser Angriff auf die Pressefreiheit. Es ist eine willk\u00fcrliche Ma\u00dfnahme, die kritische Meinungen zum Schweigen bringen soll und deshalb in aller Sch\u00e4rfe zu verurteilen ist. Gerade jetzt muss die Kritik an der Regierung noch viel lauter werden. Lassen wir uns nicht mundtot machen, Politiker wie Innenministerin Nancy Faeser geh\u00f6ren nicht in Minister\u00e4mter, sondern vor Gericht!<\/span><\/p>\n<h3 style=\"text-align: center;\"><span class=\"ng-binding ng-isolate-scope\">2.) <\/span><\/h3>\n<p style=\"text-align: center;\"><span class=\"ng-binding ng-isolate-scope\">Mit dem Angriff auf das COMPACT-Magazin soll die berufliche und private Existenz einer zweistelligen Zahl von Patrioten zerst\u00f6rt werden. Sie stehen \u00fcber Nacht wortw\u00f6rtlich vor dem Nichts. Jeder Einzelperson gilt unsere Solidarit\u00e4t und Unterst\u00fctzung in dieser schweren Zeit. Ihr seid nicht alleine, Patrioten halten zusammen! <\/span><\/p>\n<h3 style=\"text-align: center;\"><span class=\"ng-binding ng-isolate-scope\">3.) <\/span><\/h3>\n<p style=\"text-align: center;\"><span class=\"ng-binding ng-isolate-scope\">Das COMPACT-Verbot muss unverz\u00fcglich aufgehoben werden. Dar\u00fcber hinaus braucht es jetzt die Unterst\u00fctzung f\u00fcr viele weitere patriotischen Publikationen, um dem Staat deutlich zu machen: Ihr k\u00f6nnt nicht alle Zeitungen, die eine andere Meinung vertreten, verbieten. In diesen Tagen gilt es, die Pressefreiheit gegen den Verbotswahn zu verteidigen. Alle zusammen, fest entschlossen!<\/span><\/p>\n<\/div><\/div><\/div><div class=\"fusion-layout-column fusion_builder_column fusion-builder-column-1 fusion_builder_column_1_2 1_2 fusion-flex-column fusion-flex-align-self-center\" style=\"--awb-bg-size:cover;--awb-width-large:50%;--awb-margin-top-large:0px;--awb-spacing-right-large:3.84%;--awb-margin-bottom-large:20px;--awb-spacing-left-large:3.84%;--awb-width-medium:50%;--awb-order-medium:0;--awb-spacing-right-medium:3.84%;--awb-spacing-left-medium:3.84%;--awb-width-small:100%;--awb-order-small:0;--awb-spacing-right-small:1.92%;--awb-spacing-left-small:1.92%;\" data-scroll-devices=\"small-visibility,medium-visibility,large-visibility\"><div class=\"fusion-column-wrapper fusion-column-has-shadow fusion-flex-justify-content-center fusion-content-layout-column\">\n<!-- iframe plugin v.5.1 wordpress.org\/plugins\/iframe\/ -->\n<iframe src=\"https:\/\/freie-sachsen.info\/nutzeranzahl-compact\/\" width=\"100%\" height=\"310px\" 0=\"iframe\" scrolling=\"no\" class=\"iframe-class\" frameborder=\"0\"><\/iframe>\n <\/div><\/div><div class=\"fusion-layout-column fusion_builder_column fusion-builder-column-2 fusion_builder_column_1_2 1_2 fusion-flex-column fusion-flex-align-self-center\" style=\"--awb-bg-size:cover;--awb-width-large:50%;--awb-margin-top-large:0px;--awb-spacing-right-large:3.84%;--awb-margin-bottom-large:20px;--awb-spacing-left-large:3.84%;--awb-width-medium:50%;--awb-order-medium:0;--awb-spacing-right-medium:3.84%;--awb-spacing-left-medium:3.84%;--awb-width-small:100%;--awb-order-small:0;--awb-spacing-right-small:1.92%;--awb-spacing-left-small:1.92%;\" data-scroll-devices=\"small-visibility,medium-visibility,large-visibility\"><div class=\"fusion-column-wrapper fusion-column-has-shadow fusion-flex-justify-content-center fusion-content-layout-column\"><link rel='stylesheet' id='mailster-form-default-css' href='https:\/\/freie-sachsen.info\/wp-content\/plugins\/mailster\/assets\/css\/form-default-style.min.css?ver=4.0.8' media='all' \/>\n<style type=\"text\/css\" media=\"screen\" class=\"mailster-custom-form-css\">\n.mailster-form.mailster-form-16 .submit-button{background-color:#bd1f27;color:#000000;}\n.mailster-form.mailster-form-16 .submit-button:hover{background-color:#55d600;color:#000000;}\n<\/style>\n<form action=\"https:\/\/freie-sachsen.info\/index.php\/mailster\/subscribe\" method=\"post\" class=\"mailster-form mailster-form-submit extern mailster-form-16\" novalidate><input name=\"_action\" type=\"hidden\" value=\"subscribe\">\n<input name=\"_timestamp\" type=\"hidden\" value=\"1721225023\">\n<input name=\"_referer\" type=\"hidden\" value=\"extern\">\n<input name=\"_nonce\" type=\"hidden\" value=\"018406e23b\">\n<input name=\"formid\" type=\"hidden\" value=\"16\">\n<div class=\"mailster-form-fields\">\n<div class=\"mailster-wrapper mailster-email-wrapper\"><label for=\"mailster-email-16\">E-Mail <span class=\"mailster-required\">*<\/span><\/label><input id=\"mailster-email-16\" name=\"email\" type=\"email\" value=\"\" class=\"input mailster-email mailster-required\" aria-required=\"true\" aria-label=\"E-Mail\" spellcheck=\"false\"><\/div>\n<div class=\"mailster-wrapper mailster-firstname-wrapper\"><label for=\"mailster-firstname-16\">Vorname<\/label><input id=\"mailster-firstname-16\" name=\"firstname\" type=\"text\" value=\"\" class=\"input mailster-firstname\" aria-required=\"false\" aria-label=\"Vorname\"><\/div>\n<div class=\"mailster-wrapper mailster-lastname-wrapper\"><label for=\"mailster-lastname-16\">Nachname<\/label><input id=\"mailster-lastname-16\" name=\"lastname\" type=\"text\" value=\"\" class=\"input mailster-lastname\" aria-required=\"false\" aria-label=\"Nachname\"><\/div>\n<div class=\"mailster-wrapper mailster-plz-wrapper\"><label for=\"mailster-plz-16\">Postleitzahl<\/label><input id=\"mailster-plz-16\" name=\"plz\" type=\"text\" value=\"\" class=\"input mailster-plz\" aria-required=\"false\" aria-label=\"Postleitzahl\"><\/div>\n<div class=\"mailster-wrapper mailster-_gdpr-wrapper\"><label for=\"mailster-_gdpr-16\"><input type=\"hidden\" name=\"_gdpr\" value=\"0\"><input id=\"mailster-_gdpr-16\" name=\"_gdpr\" type=\"checkbox\" value=\"1\" class=\"mailster-_gdpr mailster-required\" aria-required=\"true\" aria-label=\"Ich akzeptiere die Datenschutzbestimmungen.\"> Ich akzeptiere die Datenschutzbestimmungen. (<a href=\"https:\/\/freie-sachsen.info\/impressum\/\" target=\"_top\">Link<\/a>)<\/label><\/div>\n<div class=\"wpcf7-submit\"><input name=\"submit\" type=\"submit\" value=\"unterst\u00fctzen & Rundbrief erhalten!\" class=\"wpcf7-submit\" aria-label=\"Jetzt unterst\u00fctzen & den Rundbrief erhalten!\"><\/div>\n<\/div>\n<\/form>\n<\/div><\/div><div class=\"fusion-layout-column fusion_builder_column fusion-builder-column-3 fusion_builder_column_1_1 1_1 fusion-flex-column\" style=\"--awb-bg-size:cover;--awb-width-large:100%;--awb-margin-top-large:0px;--awb-spacing-right-large:1.92%;--awb-margin-bottom-large:20px;--awb-spacing-left-large:1.92%;--awb-width-medium:100%;--awb-order-medium:0;--awb-spacing-right-medium:1.92%;--awb-spacing-left-medium:1.92%;--awb-width-small:100%;--awb-order-small:0;--awb-spacing-right-small:1.92%;--awb-spacing-left-small:1.92%;\"><div class=\"fusion-column-wrapper fusion-column-has-shadow fusion-flex-justify-content-flex-start fusion-content-layout-column\"><\/div><\/div><\/div><\/div><div class=\"fusion-fullwidth fullwidth-box fusion-builder-row-2 fusion-flex-container has-pattern-background has-mask-background nonhundred-percent-fullwidth non-hundred-percent-height-scrolling\" style=\"--awb-border-radius-top-left:0px;--awb-border-radius-top-right:0px;--awb-border-radius-bottom-right:0px;--awb-border-radius-bottom-left:0px;--awb-flex-wrap:wrap;\" ><div class=\"fusion-builder-row fusion-row fusion-flex-align-items-flex-start fusion-flex-content-wrap\" style=\"max-width:1248px;margin-left: calc(-4% \/ 2 );margin-right: calc(-4% \/ 2 );\"><div class=\"fusion-layout-column fusion_builder_column fusion-builder-column-4 fusion_builder_column_1_4 1_4 fusion-flex-column\" style=\"--awb-bg-size:cover;--awb-width-large:25%;--awb-margin-top-large:0px;--awb-spacing-right-large:7.68%;--awb-margin-bottom-large:20px;--awb-spacing-left-large:7.68%;--awb-width-medium:25%;--awb-order-medium:0;--awb-spacing-right-medium:7.68%;--awb-spacing-left-medium:7.68%;--awb-width-small:100%;--awb-order-small:0;--awb-spacing-right-small:1.92%;--awb-spacing-left-small:1.92%;\"><div class=\"fusion-column-wrapper fusion-column-has-shadow fusion-flex-justify-content-flex-start fusion-content-layout-column\"><\/div><\/div><div class=\"fusion-layout-column fusion_builder_column fusion-builder-column-5 fusion_builder_column_1_2 1_2 fusion-flex-column\" style=\"--awb-bg-size:cover;--awb-width-large:50%;--awb-margin-top-large:0px;--awb-spacing-right-large:3.84%;--awb-margin-bottom-large:20px;--awb-spacing-left-large:3.84%;--awb-width-medium:50%;--awb-order-medium:0;--awb-spacing-right-medium:3.84%;--awb-spacing-left-medium:3.84%;--awb-width-small:100%;--awb-order-small:0;--awb-spacing-right-small:1.92%;--awb-spacing-left-small:1.92%;\"><div class=\"fusion-column-wrapper fusion-column-has-shadow fusion-flex-justify-content-flex-start fusion-content-layout-column\"><div class=\"fusion-image-element \" style=\"--awb-caption-title-font-family:var(--h2_typography-font-family);--awb-caption-title-font-weight:var(--h2_typography-font-weight);--awb-caption-title-font-style:var(--h2_typography-font-style);--awb-caption-title-size:var(--h2_typography-font-size);--awb-caption-title-transform:var(--h2_typography-text-transform);--awb-caption-title-line-height:var(--h2_typography-line-height);--awb-caption-title-letter-spacing:var(--h2_typography-letter-spacing);\"><span class=\" fusion-imageframe imageframe-none imageframe-1 hover-type-zoomin\"><img decoding=\"async\" width=\"2560\" height=\"1632\" title=\"Pressefreiheit verteidigen\" src=\"https:\/\/pressefreiheit-verteidigen.de\/wp-content\/uploads\/2024\/01\/Pressefreiheit-verteidigen-scaled.jpg\" alt class=\"img-responsive wp-image-166\" srcset=\"https:\/\/pressefreiheit-verteidigen.de\/wp-content\/uploads\/2024\/01\/Pressefreiheit-verteidigen-200x128.jpg 200w, https:\/\/pressefreiheit-verteidigen.de\/wp-content\/uploads\/2024\/01\/Pressefreiheit-verteidigen-400x255.jpg 400w, https:\/\/pressefreiheit-verteidigen.de\/wp-content\/uploads\/2024\/01\/Pressefreiheit-verteidigen-600x383.jpg 600w, https:\/\/pressefreiheit-verteidigen.de\/wp-content\/uploads\/2024\/01\/Pressefreiheit-verteidigen-800x510.jpg 800w, https:\/\/pressefreiheit-verteidigen.de\/wp-content\/uploads\/2024\/01\/Pressefreiheit-verteidigen-1200x765.jpg 1200w, https:\/\/pressefreiheit-verteidigen.de\/wp-content\/uploads\/2024\/01\/Pressefreiheit-verteidigen-scaled.jpg 2560w\" sizes=\"(max-width: 640px) 100vw, 600px\" \/><\/span><\/div><div class=\"fusion-text fusion-text-2\" style=\"--awb-margin-top:20px;\"><p><a href=\"https:\/\/aufgewacht-magazin.de\/bestellung\/\"><img decoding=\"async\" class=\"alignnone size-full wp-image-174\" src=\"https:\/\/pressefreiheit-verteidigen.de\/wp-content\/uploads\/2024\/01\/AUFGEWACHT-Magazin.jpg\" alt=\"\" width=\"1280\" height=\"1280\" srcset=\"https:\/\/pressefreiheit-verteidigen.de\/wp-content\/uploads\/2024\/01\/AUFGEWACHT-Magazin-66x66.jpg 66w, https:\/\/pressefreiheit-verteidigen.de\/wp-content\/uploads\/2024\/01\/AUFGEWACHT-Magazin-150x150.jpg 150w, https:\/\/pressefreiheit-verteidigen.de\/wp-content\/uploads\/2024\/01\/AUFGEWACHT-Magazin-200x200.jpg 200w, https:\/\/pressefreiheit-verteidigen.de\/wp-content\/uploads\/2024\/01\/AUFGEWACHT-Magazin-300x300.jpg 300w, https:\/\/pressefreiheit-verteidigen.de\/wp-content\/uploads\/2024\/01\/AUFGEWACHT-Magazin-400x400.jpg 400w, https:\/\/pressefreiheit-verteidigen.de\/wp-content\/uploads\/2024\/01\/AUFGEWACHT-Magazin-600x600.jpg 600w, https:\/\/pressefreiheit-verteidigen.de\/wp-content\/uploads\/2024\/01\/AUFGEWACHT-Magazin-768x768.jpg 768w, https:\/\/pressefreiheit-verteidigen.de\/wp-content\/uploads\/2024\/01\/AUFGEWACHT-Magazin-800x800.jpg 800w, https:\/\/pressefreiheit-verteidigen.de\/wp-content\/uploads\/2024\/01\/AUFGEWACHT-Magazin-1024x1024.jpg 1024w, https:\/\/pressefreiheit-verteidigen.de\/wp-content\/uploads\/2024\/01\/AUFGEWACHT-Magazin-1200x1200.jpg 1200w, https:\/\/pressefreiheit-verteidigen.de\/wp-content\/uploads\/2024\/01\/AUFGEWACHT-Magazin.jpg 1280w\" sizes=\"(max-width: 1280px) 100vw, 1280px\" \/><\/a><\/p>\n<p style=\"text-align: center;\"><a href=\"https:\/\/aufgewacht-magazin.de\/bestellung\/\"><strong><span class=\"ng-binding ng-isolate-scope\">Jetzt Solidarit\u00e4t zeigen und die patriotische Gegen\u00f6ffentlichkeit st\u00e4rken: Schlie\u00dfe in weniger als einer Minute dein AUFGEWACHT-Abo f\u00fcr nur 30 Euro im Jahr ab!<\/span><\/strong><\/a><\/p>\n<\/div><\/div><\/div><div class=\"fusion-layout-column fusion_builder_column fusion-builder-column-6 fusion_builder_column_1_4 1_4 fusion-flex-column\" style=\"--awb-bg-size:cover;--awb-width-large:25%;--awb-margin-top-large:0px;--awb-spacing-right-large:7.68%;--awb-margin-bottom-large:20px;--awb-spacing-left-large:7.68%;--awb-width-medium:25%;--awb-order-medium:0;--awb-spacing-right-medium:7.68%;--awb-spacing-left-medium:7.68%;--awb-width-small:100%;--awb-order-small:0;--awb-spacing-right-small:1.92%;--awb-spacing-left-small:1.92%;\"><div class=\"fusion-column-wrapper fusion-column-has-shadow fusion-flex-justify-content-flex-start fusion-content-layout-column\"><\/div><\/div><\/div><\/div><\/p>\n","protected":false},"excerpt":{"rendered":"","protected":false},"author":1,"featured_media":166,"comment_status":"open","ping_status":"closed","sticky":false,"template":"","format":"standard","meta":{"footnotes":""},"categories":[2],"tags":[],"class_list":["post-97","post","type-post","status-publish","format-standard","has-post-thumbnail","hentry","category-erklaerungen"],"_links":{"self":[{"href":"https:\/\/pressefreiheit-verteidigen.de\/index.php\/wp-json\/wp\/v2\/posts\/97","targetHints":{"allow":["GET"]}}],"collection":[{"href":"https:\/\/pressefreiheit-verteidigen.de\/index.php\/wp-json\/wp\/v2\/posts"}],"about":[{"href":"https:\/\/pressefreiheit-verteidigen.de\/index.php\/wp-json\/wp\/v2\/types\/post"}],"author":[{"embeddable":true,"href":"https:\/\/pressefreiheit-verteidigen.de\/index.php\/wp-json\/wp\/v2\/users\/1"}],"replies":[{"embeddable":true,"href":"https:\/\/pressefreiheit-verteidigen.de\/index.php\/wp-json\/wp\/v2\/comments?post=97"}],"version-history":[{"count":55,"href":"https:\/\/pressefreiheit-verteidigen.de\/index.php\/wp-json\/wp\/v2\/posts\/97\/revisions"}],"predecessor-version":[{"id":178,"href":"https:\/\/pressefreiheit-verteidigen.de\/index.php\/wp-json\/wp\/v2\/posts\/97\/revisions\/178"}],"wp:featuredmedia":[{"embeddable":true,"href":"https:\/\/pressefreiheit-verteidigen.de\/index.php\/wp-json\/wp\/v2\/media\/166"}],"wp:attachment":[{"href":"https:\/\/pressefreiheit-verteidigen.de\/index.php\/wp-json\/wp\/v2\/media?parent=97"}],"wp:term":[{"taxonomy":"category","embeddable":true,"href":"https:\/\/pressefreiheit-verteidigen.de\/index.php\/wp-json\/wp\/v2\/categories?post=97"},{"taxonomy":"post_tag","embeddable":true,"href":"https:\/\/pressefreiheit-verteidigen.de\/index.php\/wp-json\/wp\/v2\/tags?post=97"}],"curies":[{"name":"wp","href":"https:\/\/api.w.org\/{rel}","templated":true}]}}